{"id":2148,"date":"2021-04-28T11:47:01","date_gmt":"2021-04-28T09:47:01","guid":{"rendered":"https:\/\/www.lac-de-devesset.fr\/partenaires-publics\/"},"modified":"2022-06-16T12:24:12","modified_gmt":"2022-06-16T10:24:12","slug":"partenaires-publics","status":"publish","type":"post","link":"https:\/\/www.lac-de-devesset.fr\/es\/partenaires-publics\/","title":{"rendered":"Socios p\u00fablicos"},"content":{"rendered":"","protected":false},"excerpt":{"rendered":"<p>Le Syndicat Intercommunal de Gestion du Lac de Devesset (S.I.G.L.D.) constitu\u00e9 par les communes de Devesset, Saint-Agr\u00e8ve et le Chambon sur Lignon tient \u00e0 adresser ses plus vifs remerciements \u00e0 l\u2019ensemble des partenaires publics pour leurs contributions au financement de plusieurs projets&#8230;<\/p>\n","protected":false},"author":3,"featured_media":0,"comment_status":"closed","ping_status":"closed","sticky":false,"template":"","format":"standard","meta":{"_acf_changed":false},"categories":[],"tags":[],"post_folder":[],"class_list":["post-2148","post","type-post","status-publish","format-standard","hentry"],"acf":[],"yoast_head":"<!-- This site is optimized with the Yoast SEO plugin v27.3 - https:\/\/yoast.com\/product\/yoast-seo-wordpress\/ -->\n<title>Socios p\u00fablicos - Camping Pensi\u00f3n, L&#039;Hospitalet de l&#039;Infant, Tarragona - Camping Cala d&#039;Oques<\/title>\n<meta name=\"robots\" content=\"index, follow, max-snippet:-1, max-image-preview:large, max-video-preview:-1\" \/>\n<link rel=\"canonical\" href=\"https:\/\/www.lac-de-devesset.fr\/es\/partenaires-publics\/\" \/>\n<meta property=\"og:locale\" content=\"es_ES\" \/>\n<meta property=\"og:type\" content=\"article\" \/>\n<meta property=\"og:title\" content=\"Socios p\u00fablicos - Camping Pensi\u00f3n, L&#039;Hospitalet de l&#039;Infant, Tarragona - Camping Cala d&#039;Oques\" \/>\n<meta property=\"og:description\" content=\"Le Syndicat Intercommunal de Gestion du Lac de Devesset (S.I.G.L.D.) constitu\u00e9 par les communes de Devesset, Saint-Agr\u00e8ve et le Chambon sur Lignon tient \u00e0 adresser ses plus vifs remerciements \u00e0 l\u2019ensemble des partenaires publics pour leurs contributions au financement de plusieurs projets...\" \/>\n<meta property=\"og:url\" content=\"https:\/\/www.lac-de-devesset.fr\/es\/partenaires-publics\/\" \/>\n<meta property=\"og:site_name\" content=\"Camping Pensi\u00f3n, L&#039;Hospitalet de l&#039;Infant, Tarragona - Camping Cala d&#039;Oques\" \/>\n<meta property=\"article:published_time\" content=\"2021-04-28T09:47:01+00:00\" \/>\n<meta property=\"article:modified_time\" content=\"2022-06-16T10:24:12+00:00\" \/>\n<meta name=\"author\" content=\"TUD\" \/>\n<meta name=\"twitter:card\" content=\"summary_large_image\" \/>\n<meta name=\"twitter:label1\" content=\"Escrito por\" \/>\n\t<meta name=\"twitter:data1\" content=\"TUD\" \/>\n<script type=\"application\/ld+json\" class=\"yoast-schema-graph\">{\"@context\":\"https:\\\/\\\/schema.org\",\"@graph\":[{\"@type\":\"Article\",\"@id\":\"https:\\\/\\\/www.lac-de-devesset.fr\\\/es\\\/partenaires-publics\\\/#article\",\"isPartOf\":{\"@id\":\"https:\\\/\\\/www.lac-de-devesset.fr\\\/es\\\/partenaires-publics\\\/\"},\"author\":{\"name\":\"TUD\",\"@id\":\"https:\\\/\\\/www.lac-de-devesset.fr\\\/es\\\/#\\\/schema\\\/person\\\/cd8c4d3f3ee693a60e095bdcb0c6db6c\"},\"headline\":\"Socios p\u00fablicos\",\"datePublished\":\"2021-04-28T09:47:01+00:00\",\"dateModified\":\"2022-06-16T10:24:12+00:00\",\"mainEntityOfPage\":{\"@id\":\"https:\\\/\\\/www.lac-de-devesset.fr\\\/es\\\/partenaires-publics\\\/\"},\"wordCount\":3,\"publisher\":{\"@id\":\"https:\\\/\\\/www.lac-de-devesset.fr\\\/es\\\/#organization\"},\"inLanguage\":\"es\"},{\"@type\":\"WebPage\",\"@id\":\"https:\\\/\\\/www.lac-de-devesset.fr\\\/es\\\/partenaires-publics\\\/\",\"url\":\"https:\\\/\\\/www.lac-de-devesset.fr\\\/es\\\/partenaires-publics\\\/\",\"name\":\"Socios p\u00fablicos - Camping Pensi\u00f3n, L&#039;Hospitalet de l&#039;Infant, Tarragona - Camping Cala d&#039;Oques\",\"isPartOf\":{\"@id\":\"https:\\\/\\\/www.lac-de-devesset.fr\\\/es\\\/#website\"},\"datePublished\":\"2021-04-28T09:47:01+00:00\",\"dateModified\":\"2022-06-16T10:24:12+00:00\",\"breadcrumb\":{\"@id\":\"https:\\\/\\\/www.lac-de-devesset.fr\\\/es\\\/partenaires-publics\\\/#breadcrumb\"},\"inLanguage\":\"es\",\"potentialAction\":[{\"@type\":\"ReadAction\",\"target\":[\"https:\\\/\\\/www.lac-de-devesset.fr\\\/es\\\/partenaires-publics\\\/\"]}]},{\"@type\":\"BreadcrumbList\",\"@id\":\"https:\\\/\\\/www.lac-de-devesset.fr\\\/es\\\/partenaires-publics\\\/#breadcrumb\",\"itemListElement\":[{\"@type\":\"ListItem\",\"position\":1,\"name\":\"Bienvenido\",\"item\":\"https:\\\/\\\/www.lac-de-devesset.fr\\\/es\\\/\"},{\"@type\":\"ListItem\",\"position\":2,\"name\":\"Socios p\u00fablicos\"}]},{\"@type\":\"WebSite\",\"@id\":\"https:\\\/\\\/www.lac-de-devesset.fr\\\/es\\\/#website\",\"url\":\"https:\\\/\\\/www.lac-de-devesset.fr\\\/es\\\/\",\"name\":\"Camping Pensi\u00f3n, L&#039;Hospitalet de l&#039;Infant, Tarragona - Camping Cala d&#039;Oques\",\"description\":\"Un site utilisant WordPress\",\"publisher\":{\"@id\":\"https:\\\/\\\/www.lac-de-devesset.fr\\\/es\\\/#organization\"},\"potentialAction\":[{\"@type\":\"SearchAction\",\"target\":{\"@type\":\"EntryPoint\",\"urlTemplate\":\"https:\\\/\\\/www.lac-de-devesset.fr\\\/es\\\/?s={search_term_string}\"},\"query-input\":{\"@type\":\"PropertyValueSpecification\",\"valueRequired\":true,\"valueName\":\"search_term_string\"}}],\"inLanguage\":\"es\"},{\"@type\":\"Organization\",\"@id\":\"https:\\\/\\\/www.lac-de-devesset.fr\\\/es\\\/#organization\",\"name\":\"Camping Pensi\u00f3n, L&#039;Hospitalet de l&#039;Infant, Tarragona - Camping Cala d&#039;Oques\",\"url\":\"https:\\\/\\\/www.lac-de-devesset.fr\\\/es\\\/\",\"logo\":{\"@type\":\"ImageObject\",\"inLanguage\":\"es\",\"@id\":\"https:\\\/\\\/www.lac-de-devesset.fr\\\/es\\\/#\\\/schema\\\/logo\\\/image\\\/\",\"url\":\"https:\\\/\\\/www.lac-de-devesset.fr\\\/wp-content\\\/uploads\\\/2021\\\/04\\\/cropped-logo-lac-devesset-2.png\",\"contentUrl\":\"https:\\\/\\\/www.lac-de-devesset.fr\\\/wp-content\\\/uploads\\\/2021\\\/04\\\/cropped-logo-lac-devesset-2.png\",\"width\":163,\"height\":96,\"caption\":\"Camping Pensi\u00f3n, L&#039;Hospitalet de l&#039;Infant, Tarragona - Camping Cala d&#039;Oques\"},\"image\":{\"@id\":\"https:\\\/\\\/www.lac-de-devesset.fr\\\/es\\\/#\\\/schema\\\/logo\\\/image\\\/\"}},{\"@type\":\"Person\",\"@id\":\"https:\\\/\\\/www.lac-de-devesset.fr\\\/es\\\/#\\\/schema\\\/person\\\/cd8c4d3f3ee693a60e095bdcb0c6db6c\",\"name\":\"TUD\",\"image\":{\"@type\":\"ImageObject\",\"inLanguage\":\"es\",\"@id\":\"https:\\\/\\\/secure.gravatar.com\\\/avatar\\\/dadf60326a592df5043d2ff202644cd5a23923b9700dc19990e301545ea48e66?s=96&d=mm&r=g\",\"url\":\"https:\\\/\\\/secure.gravatar.com\\\/avatar\\\/dadf60326a592df5043d2ff202644cd5a23923b9700dc19990e301545ea48e66?s=96&d=mm&r=g\",\"contentUrl\":\"https:\\\/\\\/secure.gravatar.com\\\/avatar\\\/dadf60326a592df5043d2ff202644cd5a23923b9700dc19990e301545ea48e66?s=96&d=mm&r=g\",\"caption\":\"TUD\"}}]}<\/script>\n<!-- \/ Yoast SEO plugin. -->","yoast_head_json":{"title":"Socios p\u00fablicos - Camping Pensi\u00f3n, L&#039;Hospitalet de l&#039;Infant, Tarragona - Camping Cala d&#039;Oques","robots":{"index":"index","follow":"follow","max-snippet":"max-snippet:-1","max-image-preview":"max-image-preview:large","max-video-preview":"max-video-preview:-1"},"canonical":"https:\/\/www.lac-de-devesset.fr\/es\/partenaires-publics\/","og_locale":"es_ES","og_type":"article","og_title":"Socios p\u00fablicos - Camping Pensi\u00f3n, L&#039;Hospitalet de l&#039;Infant, Tarragona - Camping Cala d&#039;Oques","og_description":"Le Syndicat Intercommunal de Gestion du Lac de Devesset (S.I.G.L.D.) constitu\u00e9 par les communes de Devesset, Saint-Agr\u00e8ve et le Chambon sur Lignon tient \u00e0 adresser ses plus vifs remerciements \u00e0 l\u2019ensemble des partenaires publics pour leurs contributions au financement de plusieurs projets...","og_url":"https:\/\/www.lac-de-devesset.fr\/es\/partenaires-publics\/","og_site_name":"Camping Pensi\u00f3n, L&#039;Hospitalet de l&#039;Infant, Tarragona - Camping Cala d&#039;Oques","article_published_time":"2021-04-28T09:47:01+00:00","article_modified_time":"2022-06-16T10:24:12+00:00","author":"TUD","twitter_card":"summary_large_image","twitter_misc":{"Escrito por":"TUD"},"schema":{"@context":"https:\/\/schema.org","@graph":[{"@type":"Article","@id":"https:\/\/www.lac-de-devesset.fr\/es\/partenaires-publics\/#article","isPartOf":{"@id":"https:\/\/www.lac-de-devesset.fr\/es\/partenaires-publics\/"},"author":{"name":"TUD","@id":"https:\/\/www.lac-de-devesset.fr\/es\/#\/schema\/person\/cd8c4d3f3ee693a60e095bdcb0c6db6c"},"headline":"Socios p\u00fablicos","datePublished":"2021-04-28T09:47:01+00:00","dateModified":"2022-06-16T10:24:12+00:00","mainEntityOfPage":{"@id":"https:\/\/www.lac-de-devesset.fr\/es\/partenaires-publics\/"},"wordCount":3,"publisher":{"@id":"https:\/\/www.lac-de-devesset.fr\/es\/#organization"},"inLanguage":"es"},{"@type":"WebPage","@id":"https:\/\/www.lac-de-devesset.fr\/es\/partenaires-publics\/","url":"https:\/\/www.lac-de-devesset.fr\/es\/partenaires-publics\/","name":"Socios p\u00fablicos - Camping Pensi\u00f3n, L&#039;Hospitalet de l&#039;Infant, Tarragona - Camping Cala d&#039;Oques","isPartOf":{"@id":"https:\/\/www.lac-de-devesset.fr\/es\/#website"},"datePublished":"2021-04-28T09:47:01+00:00","dateModified":"2022-06-16T10:24:12+00:00","breadcrumb":{"@id":"https:\/\/www.lac-de-devesset.fr\/es\/partenaires-publics\/#breadcrumb"},"inLanguage":"es","potentialAction":[{"@type":"ReadAction","target":["https:\/\/www.lac-de-devesset.fr\/es\/partenaires-publics\/"]}]},{"@type":"BreadcrumbList","@id":"https:\/\/www.lac-de-devesset.fr\/es\/partenaires-publics\/#breadcrumb","itemListElement":[{"@type":"ListItem","position":1,"name":"Bienvenido","item":"https:\/\/www.lac-de-devesset.fr\/es\/"},{"@type":"ListItem","position":2,"name":"Socios p\u00fablicos"}]},{"@type":"WebSite","@id":"https:\/\/www.lac-de-devesset.fr\/es\/#website","url":"https:\/\/www.lac-de-devesset.fr\/es\/","name":"Camping Pensi\u00f3n, L&#039;Hospitalet de l&#039;Infant, Tarragona - Camping Cala d&#039;Oques","description":"Un site utilisant WordPress","publisher":{"@id":"https:\/\/www.lac-de-devesset.fr\/es\/#organization"},"potentialAction":[{"@type":"SearchAction","target":{"@type":"EntryPoint","urlTemplate":"https:\/\/www.lac-de-devesset.fr\/es\/?s={search_term_string}"},"query-input":{"@type":"PropertyValueSpecification","valueRequired":true,"valueName":"search_term_string"}}],"inLanguage":"es"},{"@type":"Organization","@id":"https:\/\/www.lac-de-devesset.fr\/es\/#organization","name":"Camping Pensi\u00f3n, L&#039;Hospitalet de l&#039;Infant, Tarragona - Camping Cala d&#039;Oques","url":"https:\/\/www.lac-de-devesset.fr\/es\/","logo":{"@type":"ImageObject","inLanguage":"es","@id":"https:\/\/www.lac-de-devesset.fr\/es\/#\/schema\/logo\/image\/","url":"https:\/\/www.lac-de-devesset.fr\/wp-content\/uploads\/2021\/04\/cropped-logo-lac-devesset-2.png","contentUrl":"https:\/\/www.lac-de-devesset.fr\/wp-content\/uploads\/2021\/04\/cropped-logo-lac-devesset-2.png","width":163,"height":96,"caption":"Camping Pensi\u00f3n, L&#039;Hospitalet de l&#039;Infant, Tarragona - Camping Cala d&#039;Oques"},"image":{"@id":"https:\/\/www.lac-de-devesset.fr\/es\/#\/schema\/logo\/image\/"}},{"@type":"Person","@id":"https:\/\/www.lac-de-devesset.fr\/es\/#\/schema\/person\/cd8c4d3f3ee693a60e095bdcb0c6db6c","name":"TUD","image":{"@type":"ImageObject","inLanguage":"es","@id":"https:\/\/secure.gravatar.com\/avatar\/dadf60326a592df5043d2ff202644cd5a23923b9700dc19990e301545ea48e66?s=96&d=mm&r=g","url":"https:\/\/secure.gravatar.com\/avatar\/dadf60326a592df5043d2ff202644cd5a23923b9700dc19990e301545ea48e66?s=96&d=mm&r=g","contentUrl":"https:\/\/secure.gravatar.com\/avatar\/dadf60326a592df5043d2ff202644cd5a23923b9700dc19990e301545ea48e66?s=96&d=mm&r=g","caption":"TUD"}}]}},"_links":{"self":[{"href":"https:\/\/www.lac-de-devesset.fr\/es\/wp-json\/wp\/v2\/posts\/2148","targetHints":{"allow":["GET"]}}],"collection":[{"href":"https:\/\/www.lac-de-devesset.fr\/es\/wp-json\/wp\/v2\/posts"}],"about":[{"href":"https:\/\/www.lac-de-devesset.fr\/es\/wp-json\/wp\/v2\/types\/post"}],"author":[{"embeddable":true,"href":"https:\/\/www.lac-de-devesset.fr\/es\/wp-json\/wp\/v2\/users\/3"}],"replies":[{"embeddable":true,"href":"https:\/\/www.lac-de-devesset.fr\/es\/wp-json\/wp\/v2\/comments?post=2148"}],"version-history":[{"count":0,"href":"https:\/\/www.lac-de-devesset.fr\/es\/wp-json\/wp\/v2\/posts\/2148\/revisions"}],"wp:attachment":[{"href":"https:\/\/www.lac-de-devesset.fr\/es\/wp-json\/wp\/v2\/media?parent=2148"}],"wp:term":[{"taxonomy":"category","embeddable":true,"href":"https:\/\/www.lac-de-devesset.fr\/es\/wp-json\/wp\/v2\/categories?post=2148"},{"taxonomy":"post_tag","embeddable":true,"href":"https:\/\/www.lac-de-devesset.fr\/es\/wp-json\/wp\/v2\/tags?post=2148"},{"taxonomy":"post_folder","embeddable":true,"href":"https:\/\/www.lac-de-devesset.fr\/es\/wp-json\/wp\/v2\/post_folder?post=2148"}],"curies":[{"name":"wp","href":"https:\/\/api.w.org\/{rel}","templated":true}]}}